{"id":526,"date":"2020-06-09T20:44:10","date_gmt":"2020-06-09T20:44:10","guid":{"rendered":"http:\/\/dara-estructural.com\/?p=526"},"modified":"2020-06-09T20:46:51","modified_gmt":"2020-06-09T20:46:51","slug":"proyecto-estructural-en-alicante-con-pantallas-de-contencion","status":"publish","type":"post","link":"https:\/\/dara-estructural.com\/?p=526","title":{"rendered":"Proyecto estructural en Alicante con pantallas de contenci\u00f3n."},"content":{"rendered":"\n<p>Trabajando en el nuevo proyecto estructural de un edificio en esquina en Alicante. Se compone de una cimentaci\u00f3n de pantallas de contenci\u00f3n por medio de pilotes tangentes y cortina de micropilotes, adem\u00e1s de cimentaci\u00f3n superficial por zapatas. La estructura a\u00e9rea est\u00e0 resuelta con pilares, muros resistentes y forjados reticulares de hormig\u00f3n armado<\/p>\n\n\n\n<div class=\"wp-block-image\"><figure class=\"aligncenter\"><img loading=\"lazy\" decoding=\"async\" width=\"936\" height=\"907\" src=\"https:\/\/dara-estructural.com\/wp-content\/uploads\/2020\/06\/20-1498_3D-1.jpg\" alt=\"\" class=\"wp-image-527\" srcset=\"https:\/\/dara-estructural.com\/wp-content\/uploads\/2020\/06\/20-1498_3D-1.jpg 936w, https:\/\/dara-estructural.com\/wp-content\/uploads\/2020\/06\/20-1498_3D-1-300x291.jpg 300w, https:\/\/dara-estructural.com\/wp-content\/uploads\/2020\/06\/20-1498_3D-1-768x744.jpg 768w\" sizes=\"auto, (max-width: 936px) 100vw, 936px\" \/><\/figure><\/div>\n\n\n\n<div class=\"wp-block-image\"><figure class=\"aligncenter\"><img loading=\"lazy\" decoding=\"async\" width=\"918\" height=\"906\" src=\"https:\/\/dara-estructural.com\/wp-content\/uploads\/2020\/06\/20-1498_3D-2.jpg\" alt=\"\" class=\"wp-image-528\" srcset=\"https:\/\/dara-estructural.com\/wp-content\/uploads\/2020\/06\/20-1498_3D-2.jpg 918w, https:\/\/dara-estructural.com\/wp-content\/uploads\/2020\/06\/20-1498_3D-2-300x296.jpg 300w, https:\/\/dara-estructural.com\/wp-content\/uploads\/2020\/06\/20-1498_3D-2-768x758.jpg 768w, https:\/\/dara-estructural.com\/wp-content\/uploads\/2020\/06\/20-1498_3D-2-105x105.jpg 105w\" sizes=\"auto, (max-width: 918px) 100vw, 918px\" \/><\/figure><\/div>\n","protected":false},"excerpt":{"rendered":"<p>Trabajando en el nuevo proyecto estructural de un edificio en esquina en Alicante. Se compone de una cimentaci\u00f3n de pantallas de contenci\u00f3n por medio de pilotes tangentes y cortina de micropilotes, adem\u00e1s de cimentaci\u00f3n superficial por zapatas. La estructura a\u00e9rea est\u00e0 resuelta con pilares, muros resistentes y forjados reticulares de hormig\u00f3n armado<\/p>\n","protected":false},"author":1,"featured_media":527,"comment_status":"open","ping_status":"closed","sticky":false,"template":"","format":"standard","meta":{"_mi_skip_tracking":false,"_exactmetrics_sitenote_active":false,"_exactmetrics_sitenote_note":"","_exactmetrics_sitenote_category":0,"footnotes":""},"categories":[1],"tags":[],"class_list":["post-526","post","type-post","status-publish","format-standard","has-post-thumbnail","hentry","category-sin-categoria"],"_links":{"self":[{"href":"https:\/\/dara-estructural.com\/index.php?rest_route=\/wp\/v2\/posts\/526","targetHints":{"allow":["GET"]}}],"collection":[{"href":"https:\/\/dara-estructural.com\/index.php?rest_route=\/wp\/v2\/posts"}],"about":[{"href":"https:\/\/dara-estructural.com\/index.php?rest_route=\/wp\/v2\/types\/post"}],"author":[{"embeddable":true,"href":"https:\/\/dara-estructural.com\/index.php?rest_route=\/wp\/v2\/users\/1"}],"replies":[{"embeddable":true,"href":"https:\/\/dara-estructural.com\/index.php?rest_route=%2Fwp%2Fv2%2Fcomments&post=526"}],"version-history":[{"count":2,"href":"https:\/\/dara-estructural.com\/index.php?rest_route=\/wp\/v2\/posts\/526\/revisions"}],"predecessor-version":[{"id":530,"href":"https:\/\/dara-estructural.com\/index.php?rest_route=\/wp\/v2\/posts\/526\/revisions\/530"}],"wp:featuredmedia":[{"embeddable":true,"href":"https:\/\/dara-estructural.com\/index.php?rest_route=\/wp\/v2\/media\/527"}],"wp:attachment":[{"href":"https:\/\/dara-estructural.com\/index.php?rest_route=%2Fwp%2Fv2%2Fmedia&parent=526"}],"wp:term":[{"taxonomy":"category","embeddable":true,"href":"https:\/\/dara-estructural.com\/index.php?rest_route=%2Fwp%2Fv2%2Fcategories&post=526"},{"taxonomy":"post_tag","embeddable":true,"href":"https:\/\/dara-estructural.com\/index.php?rest_route=%2Fwp%2Fv2%2Ftags&post=526"}],"curies":[{"name":"wp","href":"https:\/\/api.w.org\/{rel}","templated":true}]}}